{"id":3168,"date":"2022-10-24T12:57:39","date_gmt":"2022-10-24T12:57:39","guid":{"rendered":"https:\/\/salud-o.umh.es\/?p=3168"},"modified":"2022-10-24T12:57:44","modified_gmt":"2022-10-24T12:57:44","slug":"entrevista-en-onda-cero-con-angel-solanes-sobre-las-i-jornadas-de-transformacion-digital-de-organizaciones","status":"publish","type":"post","link":"https:\/\/salud-o.umh.es\/en\/2022\/10\/24\/entrevista-en-onda-cero-con-angel-solanes-sobre-las-i-jornadas-de-transformacion-digital-de-organizaciones\/","title":{"rendered":"Borrador autom\u00e1tico"},"content":{"rendered":"<p>[et_pb_section fb_built=&#8221;1&#8243; _builder_version=&#8221;4.16&#8243; global_colors_info=&#8221;{}&#8221;][et_pb_row _builder_version=&#8221;4.16&#8243; global_colors_info=&#8221;{}&#8221;][et_pb_column type=&#8221;4_4&#8243; _builder_version=&#8221;4.16&#8243; global_colors_info=&#8221;{}&#8221;][et_pb_text admin_label=&#8221;Texto&#8221; _builder_version=&#8221;4.17.4&#8243; hover_enabled=&#8221;0&#8243; global_colors_info=&#8221;{}&#8221; sticky_enabled=&#8221;0&#8243;]<\/p>\n<p style=\"text-align: justify\">Con motivo de la celebraci\u00f3n el pasado 20 de octubre de las I Jornadas de<b> transformaci\u00f3n digital de las Organizaciones en el \u00e1mbito de la Salud Ocupacional\u00a0<\/b>en Relleu, el equipo de Onda Cero entrevist\u00f3 a \u00c1ngel Solanes, profesor titular de la UMH y director del Grupo de Investigaci\u00f3n Salud-O y de la C\u00e1tedra de Trabajo, Recursos Humanos y Salud de la UMH. En la entrevista se habl\u00f3 sobre el evento organizado por el grupo de investigaci\u00f3n, la digitalizaci\u00f3n en el \u00e1mbito de los recursos humanos, la salud ocupacional y la prevenci\u00f3n de riesgos laborales para poblaciones del interior de la provincia de Alicante.<\/p>\n<p>Enlace a la publicaci\u00f3n de Onda Cero: <a href=\"https:\/\/www.ondacero.es\/emisoras\/comunidad-valenciana\/marina-baixa\/audios-podcast\/presentan-relleu-jornadas-transformacion-digital-orgnizaciones_20221018634e9ac352d17f000176d942.html\" target=\"_blank\" rel=\"noopener\"><strong>clic aqu\u00ed<\/strong><\/a><\/p>\n<p>[\/et_pb_text][et_pb_code admin_label=&#8221;C\u00f3digo&#8221; _builder_version=&#8221;4.17.4&#8243; _module_preset=&#8221;default&#8221; hover_enabled=&#8221;0&#8243; global_colors_info=&#8221;{}&#8221; sticky_enabled=&#8221;0&#8243;]<iframe loading=\"lazy\" src=\"https:\/\/www.ondacero.es\/embed\/presentan-relleu-jornadas-transformacion-digital-orgnizaciones\/audio\/2\/2022\/10\/18\/634e9a380f97b0e4a1d90723\" width=\"560\" height=\"315\" frameborder=\"0\"><\/iframe>[\/et_pb_code][et_pb_image src=&#8221;https:\/\/salud-o.umh.es\/files\/2022\/10\/Sin-titulo.png&#8221; title_text=&#8221;Sin t\u00edtulo&#8221; align_tablet=&#8221;center&#8221; align_phone=&#8221;&#8221; align_last_edited=&#8221;on|desktop&#8221; admin_label=&#8221;Imagen&#8221; _builder_version=&#8221;4.17.4&#8243; animation_style=&#8221;slide&#8221; animation_direction=&#8221;left&#8221; animation_duration=&#8221;500ms&#8221; animation_intensity_slide=&#8221;10%&#8221; use_border_color=&#8221;off&#8221; border_color=&#8221;#ffffff&#8221; border_style=&#8221;solid&#8221; animation=&#8221;left&#8221; sticky=&#8221;off&#8221; always_center_on_mobile=&#8221;on&#8221; global_colors_info=&#8221;{}&#8221;][\/et_pb_image][\/et_pb_column][\/et_pb_row][\/et_pb_section]<\/p>\n","protected":false},"excerpt":{"rendered":"<p>Con motivo de la celebraci\u00f3n el pasado 20 de octubre de las I Jornadas de transformaci\u00f3n digital de las Organizaciones en el \u00e1mbito de la Salud Ocupacional\u00a0en Relleu, el equipo de Onda Cero entrevist\u00f3 a \u00c1ngel Solanes, profesor titular de la UMH y director del Grupo de Investigaci\u00f3n Salud-O y de la C\u00e1tedra de Trabajo, [&hellip;]<\/p>\n","protected":false},"author":4484,"featured_media":0,"comment_status":"closed","ping_status":"open","sticky":false,"template":"","format":"standard","meta":{"_et_pb_use_builder":"on","_et_pb_old_content":"","_et_gb_content_width":"","_links_to":"","_links_to_target":""},"categories":[36],"tags":[],"_links":{"self":[{"href":"https:\/\/salud-o.umh.es\/en\/wp-json\/wp\/v2\/posts\/3168"}],"collection":[{"href":"https:\/\/salud-o.umh.es\/en\/wp-json\/wp\/v2\/posts"}],"about":[{"href":"https:\/\/salud-o.umh.es\/en\/wp-json\/wp\/v2\/types\/post"}],"author":[{"embeddable":true,"href":"https:\/\/salud-o.umh.es\/en\/wp-json\/wp\/v2\/users\/4484"}],"replies":[{"embeddable":true,"href":"https:\/\/salud-o.umh.es\/en\/wp-json\/wp\/v2\/comments?post=3168"}],"version-history":[{"count":0,"href":"https:\/\/salud-o.umh.es\/en\/wp-json\/wp\/v2\/posts\/3168\/revisions"}],"wp:attachment":[{"href":"https:\/\/salud-o.umh.es\/en\/wp-json\/wp\/v2\/media?parent=3168"}],"wp:term":[{"taxonomy":"category","embeddable":true,"href":"https:\/\/salud-o.umh.es\/en\/wp-json\/wp\/v2\/categories?post=3168"},{"taxonomy":"post_tag","embeddable":true,"href":"https:\/\/salud-o.umh.es\/en\/wp-json\/wp\/v2\/tags?post=3168"}],"curies":[{"name":"wp","href":"https:\/\/api.w.org\/{rel}","templated":true}]}}