{"id":1552,"date":"2020-02-11T11:52:04","date_gmt":"2020-02-11T11:52:04","guid":{"rendered":"http:\/\/salud-o.umh.es\/?p=1552"},"modified":"2020-02-11T11:52:04","modified_gmt":"2020-02-11T11:52:04","slug":"catedra-recursos-humanos-y-salud-una-apuesta-de-la-umh-por-la-transferencia-de-conocimiento-entre-universidad-y-sociedad","status":"publish","type":"post","link":"https:\/\/salud-o.umh.es\/es\/2020\/02\/11\/catedra-recursos-humanos-y-salud-una-apuesta-de-la-umh-por-la-transferencia-de-conocimiento-entre-universidad-y-sociedad\/","title":{"rendered":"C\u00e1tedra Recursos Humanos y Salud, una apuesta de la UMH por la transferencia de conocimiento entre universidad y sociedad"},"content":{"rendered":"<p><\/p>\n<h2 style=\"text-align: left;\"><b>La\u00a0C\u00e1tedra Recursos Humanos y Salud\u00a0se incorpora a la apuesta de la UMH por la transferencia de conocimiento entre universidad y sociedad<\/b><\/h2>\n<p style=\"text-align: justify;\"><span style=\"font-weight: 400;\">Este 11 de febrero ha tenido lugar la firma del convenio de creaci\u00f3n de la C\u00e1tedra Recursos Humanos y Salud entre la Universidad Miguel Hern\u00e1ndez de Elche (UMH) y representantes de varias empresas que buscan potenciar la transferencia de conocimiento en el \u00e1mbito de la gesti\u00f3n de personas y la salud ocupacional en las organizaciones.<\/span><\/p>\n<p style=\"text-align: justify;\"><span style=\"font-weight: 400;\">Las empresas que han decidido apostar por la creaci\u00f3n de la c\u00e1tedra, debido a su claro inter\u00e9s por fomentar la formaci\u00f3n, desarrollo e investigaci\u00f3n en el \u00e1mbito de la gesti\u00f3n de los recursos humanos y la salud ocupacional son: Auxiliar Conservera S.A., Boss Digital Group S.L., Clavei Consultor\u00eda y Servicios Tecnol\u00f3gicos S.L., Fundaci\u00f3n Marjal de la Comunidad Valenciana, y Sanitas S.A. de Seguros.<\/span><\/p>\n<p style=\"text-align: justify;\"><span style=\"font-weight: 400;\">A la firma de la c\u00e1tedra, que se ha desarrollado a las 11.00 horas en el Edificio Rectorado, han asistido el Rector de la UMH, y por parte de las empresas\u00a0<a href=\"http:\/\/masterrecursoshumanos.edu.umh.es\/wp-content\/uploads\/sites\/625\/2020\/02\/IMG-20200211-WA0008.jpg\"><img loading=\"lazy\" class=\"alignright size-medium wp-image-2179\" src=\"http:\/\/masterrecursoshumanos.edu.umh.es\/wp-content\/uploads\/sites\/625\/2020\/02\/IMG-20200211-WA0008-300x214.jpg\" alt=\"IMG-20200211-WA0008\" width=\"300\" height=\"214\" \/><\/a>integrantes de la c\u00e1tedra: D\u00f1a. Josefa Jim\u00e9nez Bretones, directora de Recursos Humanos de Auxiliar Conservera S.A., D. Guzm\u00e1n Mart\u00ednez Gri\u00f1\u00e1n, gerente de Boss Digital Group, S.L, D. Vicente Ballester Bernab\u00e9, socio-director de CLAVEI Consultor\u00eda y Servicios Tecnol\u00f3gicos, S.L., D\u00f1a. Marina Salar Villala\u00edn, directora de Gesti\u00f3n de Personas de la Fundaci\u00f3n Marjal de la Comunidad Valenciana, D. Alvaro Bernab\u00e9u Torr\u00f3, director de zona Alicante y Murcia de SANITAS S.A. de Seguros. Como representantes de la UMH y miembros del consejo de la c\u00e1tedra, han asistido el Dr. \u00c1ngel Solanes Puchol, director de la c\u00e1tedra y profesor titular del departamento de Ciencias del Comportamiento y Salud y, como Secretaria, la Dra. M\u00aa Carmen Neipp L\u00f3pez, profesora titular del departamento de Psicolog\u00eda de la Salud.<\/span><\/p>\n<p style=\"text-align: justify;\"><span style=\"font-weight: 400;\">Esta nueva c\u00e1tedra conlleva la apertura de l\u00edneas estables de investigaci\u00f3n, as\u00ed como otras actividades de car\u00e1cter cient\u00edfico, que permitir\u00e1n impulsar programas de investigaci\u00f3n en el \u00e1mbito de la gesti\u00f3n de las personas y la salud en las organizaciones. Tambi\u00e9n se desarrollar\u00e1n distintos proyectos de formaci\u00f3n y divulgaci\u00f3n de los resultados que se esperan obtener a trav\u00e9s de la investigaci\u00f3n que se lleve a cabo.<\/span><\/p>\n<p><\/p>","protected":false},"excerpt":{"rendered":"<p>La C\u00e1tedra Recursos Humanos y Salud se incorpora a la apuesta de la UMH por la transferencia de conocimiento entre universidad y sociedad<\/p>\n","protected":false},"author":3804,"featured_media":1555,"comment_status":"open","ping_status":"open","sticky":false,"template":"","format":"standard","meta":{"_et_pb_use_builder":"","_et_pb_old_content":"","_et_gb_content_width":"","_links_to":"","_links_to_target":""},"categories":[36],"tags":[],"_links":{"self":[{"href":"https:\/\/salud-o.umh.es\/es\/wp-json\/wp\/v2\/posts\/1552"}],"collection":[{"href":"https:\/\/salud-o.umh.es\/es\/wp-json\/wp\/v2\/posts"}],"about":[{"href":"https:\/\/salud-o.umh.es\/es\/wp-json\/wp\/v2\/types\/post"}],"author":[{"embeddable":true,"href":"https:\/\/salud-o.umh.es\/es\/wp-json\/wp\/v2\/users\/3804"}],"replies":[{"embeddable":true,"href":"https:\/\/salud-o.umh.es\/es\/wp-json\/wp\/v2\/comments?post=1552"}],"version-history":[{"count":0,"href":"https:\/\/salud-o.umh.es\/es\/wp-json\/wp\/v2\/posts\/1552\/revisions"}],"wp:featuredmedia":[{"embeddable":true,"href":"https:\/\/salud-o.umh.es\/es\/wp-json\/wp\/v2\/media\/1555"}],"wp:attachment":[{"href":"https:\/\/salud-o.umh.es\/es\/wp-json\/wp\/v2\/media?parent=1552"}],"wp:term":[{"taxonomy":"category","embeddable":true,"href":"https:\/\/salud-o.umh.es\/es\/wp-json\/wp\/v2\/categories?post=1552"},{"taxonomy":"post_tag","embeddable":true,"href":"https:\/\/salud-o.umh.es\/es\/wp-json\/wp\/v2\/tags?post=1552"}],"curies":[{"name":"wp","href":"https:\/\/api.w.org\/{rel}","templated":true}]}}