{"id":2718,"date":"2021-12-03T08:00:32","date_gmt":"2021-12-03T08:00:32","guid":{"rendered":"https:\/\/salud-o.umh.es\/?p=2718"},"modified":"2021-12-03T09:14:16","modified_gmt":"2021-12-03T09:14:16","slug":"premios-de-innovacion-a-juan-perez-crespo","status":"publish","type":"post","link":"https:\/\/salud-o.umh.es\/es\/2021\/12\/03\/premios-de-innovacion-a-juan-perez-crespo\/","title":{"rendered":"Premios de innovaci\u00f3n a Juan P\u00e9rez Crespo"},"content":{"rendered":"<p>[et_pb_section admin_label=\u00bbsection\u00bb][et_pb_row admin_label=\u00bbrow\u00bb][et_pb_column type=\u00bb4_4&#8243;][et_pb_text admin_label=\u00bbTexto\u00bb background_layout=\u00bblight\u00bb text_orientation=\u00bbjustified\u00bb use_border_color=\u00bboff\u00bb border_color=\u00bb#ffffff\u00bb border_style=\u00bbsolid\u00bb]<\/p>\n<p>El pasado 2 de diciembre de 2021 nuestro compa\u00f1ero Juan P\u00e9rez Crespo recibi\u00f3 el premio a innovaci\u00f3n por el proyecto \u00abC\u00f3digo QR para facilitar la actuaci\u00f3n de los bomberos\u00bb. Se premi\u00f3 a nuestro compa\u00f1ero en la <a href=\"https:\/\/radio.umh.es\/2021\/12\/02\/premios-de-la-semana-de-la-innovacion-y-docencia-academica-y-docente-en-informativos-umh-2-de-diciembre-de-2021\/\" target=\"_blank\">octava edici\u00f3n de los premios de la semana de la innocaci\u00f3n en la gesti\u00f3n universitaria<\/a> de la Universidad Miguel Hern\u00e1ndez de Elche.<\/p>\n<p>Queremos desde aqu\u00ed dar la enhorabuena a nuestro compa\u00f1ero por su labor en desarrollo de estrategias en situaciones de emergencia y en prevenci\u00f3n de riesgos laborales.<\/p>\n<p>Este proyecto a cargo de Juan P\u00e9rez est\u00e1 desarrollado dentro del <a href=\"https:\/\/infraestructuras.umh.es\/\" target=\"_blank\">Servicio de Infraestructuras de la Universidad Miguel Hern\u00e1ndez<\/a> de Elche. La propuesta consiste en disponer de una placa en la que se ubica un c\u00f3digo QR en los principales edificios de la universidad. El c\u00f3digo conduce a una web\u00a0 donde el personal del servicio de extinci\u00f3n de incendios podr\u00e1 disponer de planos de los edificios, instalaciones y toda la informaci\u00f3n relevante actualizada a tiempo real para su actuaci\u00f3n.<\/p>\n<p>M\u00e1s informaci\u00f3n: <a href=\"https:\/\/comunicacion.umh.es\/2021\/12\/02\/entrega-de-los-premios-de-innovacion-en-la-gestion-las-ayudas-de-excelencia-academica-y-los-premios-al-talento-docente-2021\/\" target=\"_blank\">Enlace a la noticia del Servicio de Comunicaci\u00f3n de la UMH.<\/a><\/p>\n<p>[\/et_pb_text][\/et_pb_column][\/et_pb_row][\/et_pb_section]<\/p>","protected":false},"excerpt":{"rendered":"<p>El pasado 2 de diciembre de 2021 nuestro compa\u00f1ero Juan P\u00e9rez Crespo recibi\u00f3 el premio a innovaci\u00f3n por el proyecto \u00abC\u00f3digo QR para facilitar la actuaci\u00f3n de los bomberos\u00bb. Se premi\u00f3 a nuestro compa\u00f1ero en la octava edici\u00f3n de los premios de la semana de la innocaci\u00f3n en la gesti\u00f3n universitaria de la Universidad Miguel [&hellip;]<\/p>\n","protected":false},"author":3735,"featured_media":2721,"comment_status":"closed","ping_status":"open","sticky":false,"template":"","format":"standard","meta":{"_et_pb_use_builder":"on","_et_pb_old_content":"","_et_gb_content_width":"","_links_to":"","_links_to_target":""},"categories":[35,31],"tags":[],"_links":{"self":[{"href":"https:\/\/salud-o.umh.es\/es\/wp-json\/wp\/v2\/posts\/2718"}],"collection":[{"href":"https:\/\/salud-o.umh.es\/es\/wp-json\/wp\/v2\/posts"}],"about":[{"href":"https:\/\/salud-o.umh.es\/es\/wp-json\/wp\/v2\/types\/post"}],"author":[{"embeddable":true,"href":"https:\/\/salud-o.umh.es\/es\/wp-json\/wp\/v2\/users\/3735"}],"replies":[{"embeddable":true,"href":"https:\/\/salud-o.umh.es\/es\/wp-json\/wp\/v2\/comments?post=2718"}],"version-history":[{"count":0,"href":"https:\/\/salud-o.umh.es\/es\/wp-json\/wp\/v2\/posts\/2718\/revisions"}],"wp:featuredmedia":[{"embeddable":true,"href":"https:\/\/salud-o.umh.es\/es\/wp-json\/wp\/v2\/media\/2721"}],"wp:attachment":[{"href":"https:\/\/salud-o.umh.es\/es\/wp-json\/wp\/v2\/media?parent=2718"}],"wp:term":[{"taxonomy":"category","embeddable":true,"href":"https:\/\/salud-o.umh.es\/es\/wp-json\/wp\/v2\/categories?post=2718"},{"taxonomy":"post_tag","embeddable":true,"href":"https:\/\/salud-o.umh.es\/es\/wp-json\/wp\/v2\/tags?post=2718"}],"curies":[{"name":"wp","href":"https:\/\/api.w.org\/{rel}","templated":true}]}}